{"id":29155,"date":"2024-12-04T11:15:38","date_gmt":"2024-12-04T10:15:38","guid":{"rendered":"https:\/\/lesmergats.ch\/?p=29155"},"modified":"2024-12-04T11:17:55","modified_gmt":"2024-12-04T10:17:55","slug":"degustation-des-vins-jurassien","status":"publish","type":"post","link":"https:\/\/lesmergats.ch\/fr\/degustation-des-vins-jurassien\/","title":{"rendered":"7.12.2024 &#8211; D\u00e9gustation des vins jurassiens (AVJ)"},"content":{"rendered":"[et_pb_section fb_built=&#187;1&#8243; theme_builder_area=&#187;post_content&#187; _builder_version=&#187;4.25.1&#8243; _module_preset=&#187;default&#187;][et_pb_row _builder_version=&#187;4.25.1&#8243; _module_preset=&#187;default&#187; theme_builder_area=&#187;post_content&#187;][et_pb_column _builder_version=&#187;4.25.1&#8243; _module_preset=&#187;default&#187; type=&#187;4_4&#8243; theme_builder_area=&#187;post_content&#187;][et_pb_image src=&#187;https:\/\/lesmergats.ch\/wp-content\/uploads\/2024\/12\/DegustationVin.jpg&#187; _builder_version=&#187;4.25.1&#8243; _module_preset=&#187;default&#187; theme_builder_area=&#187;post_content&#187; title_text=&#187;DegustationVin&#187; hover_enabled=&#187;0&#8243; sticky_enabled=&#187;0&#8243;][\/et_pb_image][\/et_pb_column][\/et_pb_row][et_pb_row _builder_version=&#187;4.25.1&#8243; _module_preset=&#187;default&#187; theme_builder_area=&#187;post_content&#187;][et_pb_column _builder_version=&#187;4.25.1&#8243; _module_preset=&#187;default&#187; type=&#187;4_4&#8243; theme_builder_area=&#187;post_content&#187;][et_pb_text _builder_version=&#187;4.25.1&#8243; _module_preset=&#187;default&#187; theme_builder_area=&#187;post_content&#187; hover_enabled=&#187;0&#8243; sticky_enabled=&#187;0&#8243;]<p>J&#8217;ai le plaisir de vous inviter \u00e0 la premi\u00e8re d\u00e9gustation de l\u2019association des vigneron.ne.s jurassien.ne.s (AVJ).<\/p>\n<p>Cette association a \u00e9t\u00e9 cr\u00e9\u00e9e en 2019 dans le but de renforcer la visibilit\u00e9 des vigneron.ne.s jurassien.ne.s et de faire rayonner leur savoir-faire.<\/p>\n<p>Le 7 d\u00e9cembre vous aurez donc l\u2019occasion de rencontrer les viticultrices et viticulteurs jurassien.ne.s et d\u00e9couvrir ou red\u00e9couvrir leur produits.<\/p>\n<p>Il y aura une petite restauration froide sur place et la d\u00e9gustation se tiendra \u00e0 l\u2019int\u00e9rieur.<\/p>\n<p>&nbsp;<\/p>[\/et_pb_text][\/et_pb_column][\/et_pb_row][\/et_pb_section]","protected":false},"excerpt":{"rendered":"<p>J&#8217;ai le plaisir de vous inviter \u00e0 la premi\u00e8re d\u00e9gustation de l\u2019association des vigneron.ne.s jurassien.ne.s (AVJ). Cette association a \u00e9t\u00e9 cr\u00e9\u00e9e en 2019 dans le but de renforcer la visibilit\u00e9 des vigneron.ne.s jurassien.ne.s et de faire rayonner leur savoir-faire. Le 7 d\u00e9cembre vous aurez donc l\u2019occasion de rencontrer les viticultrices et viticulteurs jurassien.ne.s et d\u00e9couvrir [&hellip;]<\/p>","protected":false},"author":1,"featured_media":29158,"comment_status":"open","ping_status":"open","sticky":false,"template":"","format":"standard","meta":{"_et_pb_use_builder":"on","_et_pb_old_content":"","_et_gb_content_width":"","_jetpack_memberships_contains_paid_content":false,"footnotes":""},"categories":[32],"tags":[],"class_list":["post-29155","post","type-post","status-publish","format-standard","has-post-thumbnail","hentry","category-degustations"],"jetpack_sharing_enabled":true,"jetpack_featured_media_url":"https:\/\/lesmergats.ch\/wp-content\/uploads\/2024\/12\/DegustationVin.jpg","_links":{"self":[{"href":"https:\/\/lesmergats.ch\/fr\/wp-json\/wp\/v2\/posts\/29155","targetHints":{"allow":["GET"]}}],"collection":[{"href":"https:\/\/lesmergats.ch\/fr\/wp-json\/wp\/v2\/posts"}],"about":[{"href":"https:\/\/lesmergats.ch\/fr\/wp-json\/wp\/v2\/types\/post"}],"author":[{"embeddable":true,"href":"https:\/\/lesmergats.ch\/fr\/wp-json\/wp\/v2\/users\/1"}],"replies":[{"embeddable":true,"href":"https:\/\/lesmergats.ch\/fr\/wp-json\/wp\/v2\/comments?post=29155"}],"version-history":[{"count":5,"href":"https:\/\/lesmergats.ch\/fr\/wp-json\/wp\/v2\/posts\/29155\/revisions"}],"predecessor-version":[{"id":29163,"href":"https:\/\/lesmergats.ch\/fr\/wp-json\/wp\/v2\/posts\/29155\/revisions\/29163"}],"wp:featuredmedia":[{"embeddable":true,"href":"https:\/\/lesmergats.ch\/fr\/wp-json\/wp\/v2\/media\/29158"}],"wp:attachment":[{"href":"https:\/\/lesmergats.ch\/fr\/wp-json\/wp\/v2\/media?parent=29155"}],"wp:term":[{"taxonomy":"category","embeddable":true,"href":"https:\/\/lesmergats.ch\/fr\/wp-json\/wp\/v2\/categories?post=29155"},{"taxonomy":"post_tag","embeddable":true,"href":"https:\/\/lesmergats.ch\/fr\/wp-json\/wp\/v2\/tags?post=29155"}],"curies":[{"name":"wp","href":"https:\/\/api.w.org\/{rel}","templated":true}]}}